{"id":1488,"date":"2024-09-19T13:57:13","date_gmt":"2024-09-19T13:57:13","guid":{"rendered":"https:\/\/musica.cve.edu.es\/escuelademusica\/?p=1488"},"modified":"2024-09-19T13:57:13","modified_gmt":"2024-09-19T13:57:13","slug":"nuevo-curso-nueva-formacion-en-extraescolares","status":"publish","type":"post","link":"https:\/\/musica.cve.edu.es\/escuelademusica\/nuevo-curso-nueva-formacion-en-extraescolares\/","title":{"rendered":"Nuevo curso, nueva formaci\u00f3n en extraescolares"},"content":{"rendered":"<p>Contamos con una amplia oferta de actividades extraescolares para todas las edades: deportivas, musicales, cient\u00edficas, art\u00edsticas, teatrales, acad\u00e9micas\u2026 \u00a0organizadas en torno a dos objetivos principales: que tengan car\u00e1cter formativo y que se lleven a cabo con seriedad. A<span class=\"OYPEnA font-feature-liga-off font-feature-clig-off font-feature-calt-off text-decoration-none text-strikethrough-none\">lgunas de ellas se imparten durante el recreo de la ma\u00f1ana, el recreo de la hora de comer o por la tarde al finalizar las clases.<\/span><\/p>\n<p>Las actividades extraescolares del Colegio est\u00e1n dise\u00f1adas tanto para los alumnos matriculados en el centro como para personas externas.<\/p>\n<p><span class=\"OYPEnA font-feature-liga-off font-feature-clig-off font-feature-calt-off text-decoration-none text-strikethrough-none\">La matriculaci\u00f3n inicial se realiza antes del comienzo de las actividades, en el mes de octubre, a trav\u00e9s de Phidias. Todos los posteriores cambios de datos referentes a la inicial matriculaci\u00f3n (altas, bajas y modificaciones) ser\u00e1n comunicados por e-mail a la direcci\u00f3n de correo electr\u00f3nico:\u00a0<\/span><a class=\"OYPEnA font-feature-liga-off font-feature-clig-off font-feature-calt-off text-decoration-underline text-strikethrough-none\" draggable=\"false\" href=\"mailto:extraescolares@cve.edu.es\" target=\"_blank\" rel=\"noopener\">extraescolares@cve.edu.es<\/a><span class=\"OYPEnA font-feature-liga-off font-feature-clig-off font-feature-calt-off text-decoration-none text-strikethrough-none\">\u00a0o a\u00a0<\/span><a class=\"OYPEnA font-feature-liga-off font-feature-clig-off font-feature-calt-off text-decoration-underline text-strikethrough-none\" draggable=\"false\" href=\"mailto:escuelademusica@cve.edu.es\" target=\"_blank\" rel=\"noopener\">escuelademusica@cve.edu.es<\/a><span class=\"OYPEnA font-feature-liga-off font-feature-clig-off font-feature-calt-off text-decoration-none text-strikethrough-none\">\u00a0cuando se trata de una actividad de la Escuela de M\u00fasica y Danza.<\/span><\/p>\n<p>Para conocer todo el cat\u00e1logo de extraescolares de la Escuela de m\u00fasica <a href=\"https:\/\/musica.cve.edu.es\/escuelademusica\/wp-content\/uploads\/2024\/09\/HORARIO-EXTRAESCOLARES-ESCUELA-MUSICA-DANZA-Y-TEATRO.pdf\">PINCHA AQU\u00cd<\/a><\/p>\n<p><img decoding=\"async\" loading=\"lazy\" class=\"size-full wp-image-1489 aligncenter\" src=\"https:\/\/musica.cve.edu.es\/escuelademusica\/wp-content\/uploads\/2024\/09\/Extra1.jpg\" alt=\"\" width=\"676\" height=\"870\" srcset=\"https:\/\/musica.cve.edu.es\/escuelademusica\/wp-content\/uploads\/2024\/09\/Extra1.jpg 676w, https:\/\/musica.cve.edu.es\/escuelademusica\/wp-content\/uploads\/2024\/09\/Extra1-233x300.jpg 233w\" sizes=\"(max-width: 676px) 100vw, 676px\" \/><\/p>\n","protected":false},"excerpt":{"rendered":"<p>Contamos con una amplia oferta de actividades extraescolares para todas las edades: deportivas, musicales, cient\u00edficas, art\u00edsticas, teatrales, acad\u00e9micas\u2026 \u00a0organizadas en torno a dos objetivos principales: que tengan car\u00e1cter formativo y&#8230;<\/p>\n","protected":false},"author":6,"featured_media":1490,"comment_status":"closed","ping_status":"closed","sticky":false,"template":"","format":"standard","meta":[],"categories":[3,11],"tags":[],"_links":{"self":[{"href":"https:\/\/musica.cve.edu.es\/escuelademusica\/wp-json\/wp\/v2\/posts\/1488"}],"collection":[{"href":"https:\/\/musica.cve.edu.es\/escuelademusica\/wp-json\/wp\/v2\/posts"}],"about":[{"href":"https:\/\/musica.cve.edu.es\/escuelademusica\/wp-json\/wp\/v2\/types\/post"}],"author":[{"embeddable":true,"href":"https:\/\/musica.cve.edu.es\/escuelademusica\/wp-json\/wp\/v2\/users\/6"}],"replies":[{"embeddable":true,"href":"https:\/\/musica.cve.edu.es\/escuelademusica\/wp-json\/wp\/v2\/comments?post=1488"}],"version-history":[{"count":1,"href":"https:\/\/musica.cve.edu.es\/escuelademusica\/wp-json\/wp\/v2\/posts\/1488\/revisions"}],"predecessor-version":[{"id":1492,"href":"https:\/\/musica.cve.edu.es\/escuelademusica\/wp-json\/wp\/v2\/posts\/1488\/revisions\/1492"}],"wp:featuredmedia":[{"embeddable":true,"href":"https:\/\/musica.cve.edu.es\/escuelademusica\/wp-json\/wp\/v2\/media\/1490"}],"wp:attachment":[{"href":"https:\/\/musica.cve.edu.es\/escuelademusica\/wp-json\/wp\/v2\/media?parent=1488"}],"wp:term":[{"taxonomy":"category","embeddable":true,"href":"https:\/\/musica.cve.edu.es\/escuelademusica\/wp-json\/wp\/v2\/categories?post=1488"},{"taxonomy":"post_tag","embeddable":true,"href":"https:\/\/musica.cve.edu.es\/escuelademusica\/wp-json\/wp\/v2\/tags?post=1488"}],"curies":[{"name":"wp","href":"https:\/\/api.w.org\/{rel}","templated":true}]}}