{"id":1452,"date":"2023-06-20T09:59:06","date_gmt":"2023-06-20T09:59:06","guid":{"rendered":"https:\/\/musica.cve.edu.es\/escuelademusica\/?p=1452"},"modified":"2023-07-12T09:59:55","modified_gmt":"2023-07-12T09:59:55","slug":"de-africa-a-america-un-viaje-a-los-origenes-de-la-musica-en-el-concierto-final-de-curso","status":"publish","type":"post","link":"https:\/\/musica.cve.edu.es\/escuelademusica\/de-africa-a-america-un-viaje-a-los-origenes-de-la-musica-en-el-concierto-final-de-curso\/","title":{"rendered":"De \u00e1frica a Am\u00e9rica, un viaje a los or\u00edgenes de la m\u00fasica en el concierto final de curso"},"content":{"rendered":"<p>La Escuela de M\u00fasica CVE, dirigida por Kasi Cort\u00e9s, cierra el curso con un concierto que ha tenido como hilo conductor las ra\u00edces de la m\u00fasica recorriendo ritmos de \u00c1frica a Am\u00e9rica. Alumnos de todas las edades han tenido la oportunidad de subir al escenario y mostrar sus progresos de los \u00faltimos meses. Un reto que han podido disfrutar decenas de familias presentes.<br \/>\nAgrupaciones, orquesta, coro&#8230; decenas de alumnos del Colegio, desde 5 a\u00f1os hasta Bachillerato, y numerosos padres, miembros de la nuestra comunidad escolar, han ofrecido una gran variedad de ritmos, acompa\u00f1ados de voces e instrumentos africanos y m\u00fasica tradicional americana como jazz, blues o creaciones que llegan de las islas del Caribe.<br \/>\nTodos los presentes han podido seguir el concierto y las actuaciones junto a una cuidad\u00edsima presentaci\u00f3n multimedia que iba introduciendo las actuaciones y aportando informaci\u00f3n.<br \/>\nFelicidades a todos los que hab\u00e9is hecho posible este magn\u00edfico evento, alumnos y profesores de cada especialidad musical que tanto aport\u00e1is a la Escuela de M\u00fasica.<img decoding=\"async\" loading=\"lazy\" src=\"https:\/\/musica.cve.edu.es\/escuelademusica\/wp-content\/uploads\/2023\/07\/IMG_0146-1024x683.jpg\" alt=\"\" width=\"1024\" height=\"683\" class=\"alignnone size-large wp-image-1453\" srcset=\"https:\/\/musica.cve.edu.es\/escuelademusica\/wp-content\/uploads\/2023\/07\/IMG_0146-1024x683.jpg 1024w, https:\/\/musica.cve.edu.es\/escuelademusica\/wp-content\/uploads\/2023\/07\/IMG_0146-300x200.jpg 300w, https:\/\/musica.cve.edu.es\/escuelademusica\/wp-content\/uploads\/2023\/07\/IMG_0146-768x512.jpg 768w, https:\/\/musica.cve.edu.es\/escuelademusica\/wp-content\/uploads\/2023\/07\/IMG_0146-1536x1024.jpg 1536w, https:\/\/musica.cve.edu.es\/escuelademusica\/wp-content\/uploads\/2023\/07\/IMG_0146-2048x1365.jpg 2048w\" sizes=\"(max-width: 1024px) 100vw, 1024px\" \/><\/p>\n<p><img decoding=\"async\" loading=\"lazy\" src=\"https:\/\/musica.cve.edu.es\/escuelademusica\/wp-content\/uploads\/2023\/07\/IMG_0101-1024x683.jpg\" alt=\"\" width=\"1024\" height=\"683\" class=\"alignnone size-large wp-image-1454\" srcset=\"https:\/\/musica.cve.edu.es\/escuelademusica\/wp-content\/uploads\/2023\/07\/IMG_0101-1024x683.jpg 1024w, https:\/\/musica.cve.edu.es\/escuelademusica\/wp-content\/uploads\/2023\/07\/IMG_0101-300x200.jpg 300w, https:\/\/musica.cve.edu.es\/escuelademusica\/wp-content\/uploads\/2023\/07\/IMG_0101-768x512.jpg 768w, https:\/\/musica.cve.edu.es\/escuelademusica\/wp-content\/uploads\/2023\/07\/IMG_0101-1536x1024.jpg 1536w, https:\/\/musica.cve.edu.es\/escuelademusica\/wp-content\/uploads\/2023\/07\/IMG_0101-2048x1365.jpg 2048w\" sizes=\"(max-width: 1024px) 100vw, 1024px\" \/><\/p>\n<p><img decoding=\"async\" loading=\"lazy\" src=\"https:\/\/musica.cve.edu.es\/escuelademusica\/wp-content\/uploads\/2023\/07\/IMG_0093-1024x683.jpg\" alt=\"\" width=\"1024\" height=\"683\" class=\"alignnone size-large wp-image-1455\" srcset=\"https:\/\/musica.cve.edu.es\/escuelademusica\/wp-content\/uploads\/2023\/07\/IMG_0093-1024x683.jpg 1024w, https:\/\/musica.cve.edu.es\/escuelademusica\/wp-content\/uploads\/2023\/07\/IMG_0093-300x200.jpg 300w, https:\/\/musica.cve.edu.es\/escuelademusica\/wp-content\/uploads\/2023\/07\/IMG_0093-768x512.jpg 768w, https:\/\/musica.cve.edu.es\/escuelademusica\/wp-content\/uploads\/2023\/07\/IMG_0093-1536x1024.jpg 1536w, https:\/\/musica.cve.edu.es\/escuelademusica\/wp-content\/uploads\/2023\/07\/IMG_0093-2048x1365.jpg 2048w\" sizes=\"(max-width: 1024px) 100vw, 1024px\" \/><\/p>\n<p><img decoding=\"async\" loading=\"lazy\" src=\"https:\/\/musica.cve.edu.es\/escuelademusica\/wp-content\/uploads\/2023\/07\/IMG_0055-1024x683.jpg\" alt=\"\" width=\"1024\" height=\"683\" class=\"alignnone size-large wp-image-1456\" srcset=\"https:\/\/musica.cve.edu.es\/escuelademusica\/wp-content\/uploads\/2023\/07\/IMG_0055-1024x683.jpg 1024w, https:\/\/musica.cve.edu.es\/escuelademusica\/wp-content\/uploads\/2023\/07\/IMG_0055-300x200.jpg 300w, https:\/\/musica.cve.edu.es\/escuelademusica\/wp-content\/uploads\/2023\/07\/IMG_0055-768x512.jpg 768w, https:\/\/musica.cve.edu.es\/escuelademusica\/wp-content\/uploads\/2023\/07\/IMG_0055-1536x1024.jpg 1536w, https:\/\/musica.cve.edu.es\/escuelademusica\/wp-content\/uploads\/2023\/07\/IMG_0055-2048x1365.jpg 2048w\" sizes=\"(max-width: 1024px) 100vw, 1024px\" \/><\/p>\n<p><img decoding=\"async\" loading=\"lazy\" src=\"https:\/\/musica.cve.edu.es\/escuelademusica\/wp-content\/uploads\/2023\/07\/IMG_0080-1024x683.jpg\" alt=\"\" width=\"1024\" height=\"683\" class=\"alignnone size-large wp-image-1457\" srcset=\"https:\/\/musica.cve.edu.es\/escuelademusica\/wp-content\/uploads\/2023\/07\/IMG_0080-1024x683.jpg 1024w, https:\/\/musica.cve.edu.es\/escuelademusica\/wp-content\/uploads\/2023\/07\/IMG_0080-300x200.jpg 300w, https:\/\/musica.cve.edu.es\/escuelademusica\/wp-content\/uploads\/2023\/07\/IMG_0080-768x512.jpg 768w, https:\/\/musica.cve.edu.es\/escuelademusica\/wp-content\/uploads\/2023\/07\/IMG_0080-1536x1024.jpg 1536w, https:\/\/musica.cve.edu.es\/escuelademusica\/wp-content\/uploads\/2023\/07\/IMG_0080-2048x1365.jpg 2048w\" sizes=\"(max-width: 1024px) 100vw, 1024px\" \/><\/p>\n","protected":false},"excerpt":{"rendered":"<p>La Escuela de M\u00fasica CVE, dirigida por Kasi Cort\u00e9s, cierra el curso con un concierto que ha tenido como hilo conductor las ra\u00edces de la m\u00fasica recorriendo ritmos de \u00c1frica&#8230;<\/p>\n","protected":false},"author":5,"featured_media":1459,"comment_status":"closed","ping_status":"closed","sticky":false,"template":"","format":"standard","meta":[],"categories":[3],"tags":[],"_links":{"self":[{"href":"https:\/\/musica.cve.edu.es\/escuelademusica\/wp-json\/wp\/v2\/posts\/1452"}],"collection":[{"href":"https:\/\/musica.cve.edu.es\/escuelademusica\/wp-json\/wp\/v2\/posts"}],"about":[{"href":"https:\/\/musica.cve.edu.es\/escuelademusica\/wp-json\/wp\/v2\/types\/post"}],"author":[{"embeddable":true,"href":"https:\/\/musica.cve.edu.es\/escuelademusica\/wp-json\/wp\/v2\/users\/5"}],"replies":[{"embeddable":true,"href":"https:\/\/musica.cve.edu.es\/escuelademusica\/wp-json\/wp\/v2\/comments?post=1452"}],"version-history":[{"count":2,"href":"https:\/\/musica.cve.edu.es\/escuelademusica\/wp-json\/wp\/v2\/posts\/1452\/revisions"}],"predecessor-version":[{"id":1460,"href":"https:\/\/musica.cve.edu.es\/escuelademusica\/wp-json\/wp\/v2\/posts\/1452\/revisions\/1460"}],"wp:featuredmedia":[{"embeddable":true,"href":"https:\/\/musica.cve.edu.es\/escuelademusica\/wp-json\/wp\/v2\/media\/1459"}],"wp:attachment":[{"href":"https:\/\/musica.cve.edu.es\/escuelademusica\/wp-json\/wp\/v2\/media?parent=1452"}],"wp:term":[{"taxonomy":"category","embeddable":true,"href":"https:\/\/musica.cve.edu.es\/escuelademusica\/wp-json\/wp\/v2\/categories?post=1452"},{"taxonomy":"post_tag","embeddable":true,"href":"https:\/\/musica.cve.edu.es\/escuelademusica\/wp-json\/wp\/v2\/tags?post=1452"}],"curies":[{"name":"wp","href":"https:\/\/api.w.org\/{rel}","templated":true}]}}