{"id":1398,"date":"2022-06-16T15:33:36","date_gmt":"2022-06-16T15:33:36","guid":{"rendered":"https:\/\/musica.cve.edu.es\/escuelademusica\/?p=1398"},"modified":"2022-06-16T15:37:12","modified_gmt":"2022-06-16T15:37:12","slug":"1398-2","status":"publish","type":"post","link":"https:\/\/musica.cve.edu.es\/escuelademusica\/1398-2\/","title":{"rendered":"Llega el evento m\u00e1s esperado del a\u00f1o con el Concierto de fin de curso de la Escuela de M\u00fasica"},"content":{"rendered":"<p><img decoding=\"async\" loading=\"lazy\" src=\"https:\/\/musica.cve.edu.es\/escuelademusica\/wp-content\/uploads\/2022\/06\/cartelentradasescuelamusica3-724x1024.jpg\" alt=\"\" width=\"724\" height=\"1024\" class=\"alignnone size-large wp-image-1396\" srcset=\"https:\/\/musica.cve.edu.es\/escuelademusica\/wp-content\/uploads\/2022\/06\/cartelentradasescuelamusica3-724x1024.jpg 724w, https:\/\/musica.cve.edu.es\/escuelademusica\/wp-content\/uploads\/2022\/06\/cartelentradasescuelamusica3-212x300.jpg 212w, https:\/\/musica.cve.edu.es\/escuelademusica\/wp-content\/uploads\/2022\/06\/cartelentradasescuelamusica3-768x1086.jpg 768w, https:\/\/musica.cve.edu.es\/escuelademusica\/wp-content\/uploads\/2022\/06\/cartelentradasescuelamusica3-1086x1536.jpg 1086w, https:\/\/musica.cve.edu.es\/escuelademusica\/wp-content\/uploads\/2022\/06\/cartelentradasescuelamusica3-1448x2048.jpg 1448w, https:\/\/musica.cve.edu.es\/escuelademusica\/wp-content\/uploads\/2022\/06\/cartelentradasescuelamusica3-scaled.jpg 1810w\" sizes=\"(max-width: 724px) 100vw, 724px\" \/><\/p>\n","protected":false},"excerpt":{"rendered":"","protected":false},"author":5,"featured_media":1396,"comment_status":"closed","ping_status":"closed","sticky":false,"template":"","format":"standard","meta":[],"categories":[3],"tags":[],"_links":{"self":[{"href":"https:\/\/musica.cve.edu.es\/escuelademusica\/wp-json\/wp\/v2\/posts\/1398"}],"collection":[{"href":"https:\/\/musica.cve.edu.es\/escuelademusica\/wp-json\/wp\/v2\/posts"}],"about":[{"href":"https:\/\/musica.cve.edu.es\/escuelademusica\/wp-json\/wp\/v2\/types\/post"}],"author":[{"embeddable":true,"href":"https:\/\/musica.cve.edu.es\/escuelademusica\/wp-json\/wp\/v2\/users\/5"}],"replies":[{"embeddable":true,"href":"https:\/\/musica.cve.edu.es\/escuelademusica\/wp-json\/wp\/v2\/comments?post=1398"}],"version-history":[{"count":3,"href":"https:\/\/musica.cve.edu.es\/escuelademusica\/wp-json\/wp\/v2\/posts\/1398\/revisions"}],"predecessor-version":[{"id":1401,"href":"https:\/\/musica.cve.edu.es\/escuelademusica\/wp-json\/wp\/v2\/posts\/1398\/revisions\/1401"}],"wp:featuredmedia":[{"embeddable":true,"href":"https:\/\/musica.cve.edu.es\/escuelademusica\/wp-json\/wp\/v2\/media\/1396"}],"wp:attachment":[{"href":"https:\/\/musica.cve.edu.es\/escuelademusica\/wp-json\/wp\/v2\/media?parent=1398"}],"wp:term":[{"taxonomy":"category","embeddable":true,"href":"https:\/\/musica.cve.edu.es\/escuelademusica\/wp-json\/wp\/v2\/categories?post=1398"},{"taxonomy":"post_tag","embeddable":true,"href":"https:\/\/musica.cve.edu.es\/escuelademusica\/wp-json\/wp\/v2\/tags?post=1398"}],"curies":[{"name":"wp","href":"https:\/\/api.w.org\/{rel}","templated":true}]}}