{"id":1356,"date":"2021-06-28T10:30:27","date_gmt":"2021-06-28T10:30:27","guid":{"rendered":"https:\/\/musica.cve.edu.es\/escuelademusica\/?p=1356"},"modified":"2021-06-28T10:30:27","modified_gmt":"2021-06-28T10:30:27","slug":"pese-a-las-restricciones-vuestra-musica-no-ha-dejado-de-sonar","status":"publish","type":"post","link":"https:\/\/musica.cve.edu.es\/escuelademusica\/pese-a-las-restricciones-vuestra-musica-no-ha-dejado-de-sonar\/","title":{"rendered":"Pese a las restricciones, vuestra m\u00fasica no ha dejado de sonar"},"content":{"rendered":"<p><img decoding=\"async\" loading=\"lazy\" src=\"https:\/\/musica.cve.edu.es\/escuelademusica\/wp-content\/uploads\/2021\/06\/IMG_7669-1024x683.jpg\" alt=\"\" width=\"1024\" height=\"683\" class=\"alignnone size-large wp-image-1365\" srcset=\"https:\/\/musica.cve.edu.es\/escuelademusica\/wp-content\/uploads\/2021\/06\/IMG_7669-1024x683.jpg 1024w, https:\/\/musica.cve.edu.es\/escuelademusica\/wp-content\/uploads\/2021\/06\/IMG_7669-300x200.jpg 300w, https:\/\/musica.cve.edu.es\/escuelademusica\/wp-content\/uploads\/2021\/06\/IMG_7669-768x512.jpg 768w\" sizes=\"(max-width: 1024px) 100vw, 1024px\" \/><\/p>\n<p>Durante la pasada semana, en un formato reducido y cumpliendo las medidas Covid, se celebraron las audiciones de final de curso de la Escuela de M\u00fasica CVE.<br \/>\nRepartidos en varias jornadas y en dos sesiones diarias hubo una gran participaci\u00f3n de alumnos y familiares. Piano, viol\u00edn, bater\u00eda, saxo, guitarra el\u00e9ctrica y una larga lista de instrumentos que muestra la capacidad y calidad organizativa de la Escuela dirigida por Kasi Cort\u00e9s.<br \/>\nA pesar de las dificultades de este a\u00f1o la m\u00fasica ha seguido su curso. Gracias a profesores y alumnos por superar todos y cada uno de los inconvenientes derivados de la pandemia.<br \/>\nOs esperamos el a\u00f1o que viene y confiamos que no haya tantas limitaciones.<\/p>\n<p><img decoding=\"async\" loading=\"lazy\" src=\"https:\/\/musica.cve.edu.es\/escuelademusica\/wp-content\/uploads\/2021\/06\/IMG_7625-1024x683.jpg\" alt=\"\" width=\"1024\" height=\"683\" class=\"alignnone size-large wp-image-1359\" srcset=\"https:\/\/musica.cve.edu.es\/escuelademusica\/wp-content\/uploads\/2021\/06\/IMG_7625-1024x683.jpg 1024w, https:\/\/musica.cve.edu.es\/escuelademusica\/wp-content\/uploads\/2021\/06\/IMG_7625-300x200.jpg 300w, https:\/\/musica.cve.edu.es\/escuelademusica\/wp-content\/uploads\/2021\/06\/IMG_7625-768x512.jpg 768w\" sizes=\"(max-width: 1024px) 100vw, 1024px\" \/><\/p>\n<p><img decoding=\"async\" loading=\"lazy\" src=\"https:\/\/musica.cve.edu.es\/escuelademusica\/wp-content\/uploads\/2021\/06\/IMG_7629-1024x683.jpg\" alt=\"\" width=\"1024\" height=\"683\" class=\"alignnone size-large wp-image-1363\" srcset=\"https:\/\/musica.cve.edu.es\/escuelademusica\/wp-content\/uploads\/2021\/06\/IMG_7629-1024x683.jpg 1024w, https:\/\/musica.cve.edu.es\/escuelademusica\/wp-content\/uploads\/2021\/06\/IMG_7629-300x200.jpg 300w, https:\/\/musica.cve.edu.es\/escuelademusica\/wp-content\/uploads\/2021\/06\/IMG_7629-768x512.jpg 768w\" sizes=\"(max-width: 1024px) 100vw, 1024px\" \/><\/p>\n","protected":false},"excerpt":{"rendered":"<p>Durante la pasada semana, en un formato reducido y cumpliendo las medidas Covid, se celebraron las audiciones de final de curso de la Escuela de M\u00fasica CVE. Repartidos en varias&#8230;<\/p>\n","protected":false},"author":5,"featured_media":1360,"comment_status":"closed","ping_status":"closed","sticky":false,"template":"","format":"standard","meta":[],"categories":[3],"tags":[],"_links":{"self":[{"href":"https:\/\/musica.cve.edu.es\/escuelademusica\/wp-json\/wp\/v2\/posts\/1356"}],"collection":[{"href":"https:\/\/musica.cve.edu.es\/escuelademusica\/wp-json\/wp\/v2\/posts"}],"about":[{"href":"https:\/\/musica.cve.edu.es\/escuelademusica\/wp-json\/wp\/v2\/types\/post"}],"author":[{"embeddable":true,"href":"https:\/\/musica.cve.edu.es\/escuelademusica\/wp-json\/wp\/v2\/users\/5"}],"replies":[{"embeddable":true,"href":"https:\/\/musica.cve.edu.es\/escuelademusica\/wp-json\/wp\/v2\/comments?post=1356"}],"version-history":[{"count":6,"href":"https:\/\/musica.cve.edu.es\/escuelademusica\/wp-json\/wp\/v2\/posts\/1356\/revisions"}],"predecessor-version":[{"id":1475,"href":"https:\/\/musica.cve.edu.es\/escuelademusica\/wp-json\/wp\/v2\/posts\/1356\/revisions\/1475"}],"wp:featuredmedia":[{"embeddable":true,"href":"https:\/\/musica.cve.edu.es\/escuelademusica\/wp-json\/wp\/v2\/media\/1360"}],"wp:attachment":[{"href":"https:\/\/musica.cve.edu.es\/escuelademusica\/wp-json\/wp\/v2\/media?parent=1356"}],"wp:term":[{"taxonomy":"category","embeddable":true,"href":"https:\/\/musica.cve.edu.es\/escuelademusica\/wp-json\/wp\/v2\/categories?post=1356"},{"taxonomy":"post_tag","embeddable":true,"href":"https:\/\/musica.cve.edu.es\/escuelademusica\/wp-json\/wp\/v2\/tags?post=1356"}],"curies":[{"name":"wp","href":"https:\/\/api.w.org\/{rel}","templated":true}]}}