{"id":1345,"date":"2020-10-16T15:14:09","date_gmt":"2020-10-16T15:14:09","guid":{"rendered":"https:\/\/musica.cve.edu.es\/escuelademusica\/?p=1345"},"modified":"2020-10-16T15:27:29","modified_gmt":"2020-10-16T15:27:29","slug":"1345-2","status":"publish","type":"post","link":"https:\/\/musica.cve.edu.es\/escuelademusica\/1345-2\/","title":{"rendered":"Comienzan las actividades extraescolares del curso 20-21"},"content":{"rendered":"<p><img decoding=\"async\" loading=\"lazy\" src=\"https:\/\/musica.cve.edu.es\/escuelademusica\/wp-content\/uploads\/2020\/10\/IMG20201007123916-1024x578.jpg\" alt=\"\" width=\"1024\" height=\"578\" class=\"alignnone size-large wp-image-1347\" \/><\/p>\n<p>Este mes de octubre han comenzado las actividades extraescolares de la Escuela de M\u00fasica CVE. Este a\u00f1o la oferta sigue siendo igual de amplia, pero por las circunstancias sanitarias tan especiales se reducen los grupos y se extreman las medidas de distanciamiento. Ni siquiera esto impedir\u00e1 una completa formaci\u00f3n en nuestra extensa oferta de formaci\u00f3n musical. En nuestro calendario escolar muchas actividades siguen programadas con el \u00e1nimo de poder llevarlas a cabo con la ilusi\u00f3n de siempre. Cualquier posibilidad que hubiera de desarrollar la audiciones, los conciertos o la gala final de curso ser\u00edan una estupenda noticia para todos los integrantes de la escuela de m\u00fasica. Os informaremos de forma puntual. <\/p>\n<p><img decoding=\"async\" loading=\"lazy\" src=\"https:\/\/musica.cve.edu.es\/escuelademusica\/wp-content\/uploads\/2020\/10\/IMG20201007170109-768x1024.jpg\" alt=\"\" width=\"768\" height=\"1024\" class=\"alignnone size-large wp-image-1349\" \/><\/p>\n","protected":false},"excerpt":{"rendered":"<p>Este mes de octubre han comenzado las actividades extraescolares de la Escuela de M\u00fasica CVE. Este a\u00f1o la oferta sigue siendo igual de amplia, pero por las circunstancias sanitarias tan&#8230;<\/p>\n","protected":false},"author":5,"featured_media":1346,"comment_status":"closed","ping_status":"closed","sticky":false,"template":"","format":"standard","meta":[],"categories":[3],"tags":[],"_links":{"self":[{"href":"https:\/\/musica.cve.edu.es\/escuelademusica\/wp-json\/wp\/v2\/posts\/1345"}],"collection":[{"href":"https:\/\/musica.cve.edu.es\/escuelademusica\/wp-json\/wp\/v2\/posts"}],"about":[{"href":"https:\/\/musica.cve.edu.es\/escuelademusica\/wp-json\/wp\/v2\/types\/post"}],"author":[{"embeddable":true,"href":"https:\/\/musica.cve.edu.es\/escuelademusica\/wp-json\/wp\/v2\/users\/5"}],"replies":[{"embeddable":true,"href":"https:\/\/musica.cve.edu.es\/escuelademusica\/wp-json\/wp\/v2\/comments?post=1345"}],"version-history":[{"count":5,"href":"https:\/\/musica.cve.edu.es\/escuelademusica\/wp-json\/wp\/v2\/posts\/1345\/revisions"}],"predecessor-version":[{"id":1354,"href":"https:\/\/musica.cve.edu.es\/escuelademusica\/wp-json\/wp\/v2\/posts\/1345\/revisions\/1354"}],"wp:featuredmedia":[{"embeddable":true,"href":"https:\/\/musica.cve.edu.es\/escuelademusica\/wp-json\/wp\/v2\/media\/1346"}],"wp:attachment":[{"href":"https:\/\/musica.cve.edu.es\/escuelademusica\/wp-json\/wp\/v2\/media?parent=1345"}],"wp:term":[{"taxonomy":"category","embeddable":true,"href":"https:\/\/musica.cve.edu.es\/escuelademusica\/wp-json\/wp\/v2\/categories?post=1345"},{"taxonomy":"post_tag","embeddable":true,"href":"https:\/\/musica.cve.edu.es\/escuelademusica\/wp-json\/wp\/v2\/tags?post=1345"}],"curies":[{"name":"wp","href":"https:\/\/api.w.org\/{rel}","templated":true}]}}