{"id":1282,"date":"2019-05-07T17:27:48","date_gmt":"2019-05-07T17:27:48","guid":{"rendered":"https:\/\/musica.cve.edu.es\/escuelademusica\/?p=1282"},"modified":"2019-05-07T17:28:14","modified_gmt":"2019-05-07T17:28:14","slug":"campamento-musical-2019","status":"publish","type":"post","link":"https:\/\/musica.cve.edu.es\/escuelademusica\/campamento-musical-2019\/","title":{"rendered":"Campamento Musical 2019"},"content":{"rendered":"<p><strong>Experimenta la emoci\u00f3n de tocar en una agrupaci\u00f3n intrumental y desarrolla la creatividad musical<\/strong><\/p>\n<div class=\"wpb_column vc_column_container vc_col-sm-6\">\n<div class=\"vc_column-inner \">\n<div class=\"wpb_wrapper\">\n<div class=\"wpb_text_column wpb_content_element \">\n<div class=\"wpb_wrapper\">\n<blockquote>\n<ul>\n<li>EDADES: de 7 a 17 a\u00f1os.<\/li>\n<li>Fechas: del 1 al 5 de julio.<\/li>\n<li>Horario: de 9 a 16h.<\/li>\n<li>Horario ampliado gratuito de 8 a 9h.<\/li>\n<\/ul>\n<\/blockquote>\n<p><strong>GRUPO 1 (de 7 a 11 a\u00f1os):<\/strong><\/p>\n<blockquote>\n<ul>\n<li>Iniciaci\u00f3n al lenguaje musical.<\/li>\n<li>Clases de instrumento individual y grupal.<\/li>\n<li>Iniciaci\u00f3n instrumental: piano, viol\u00edn, guitarra, bater\u00eda, violonchelo, flauta travesera, clarinete, trompeta, etc.<\/li>\n<li>Expresi\u00f3n corporal.<\/li>\n<li>Actividades de construcci\u00f3n de instrumentos.<\/li>\n<li>Grupo de guitarra el\u00e9ctrica y cl\u00e1sica.<\/li>\n<li>Grupo de percusi\u00f3n.<\/li>\n<li>Grupo de teclados.<\/li>\n<li>Pr\u00e1ctica instrumental de conjunto (orquesta, banda, big band, etc.).<\/li>\n<\/ul>\n<\/blockquote>\n<p><strong>GRUPO 2 (de 12 a 17 a\u00f1os):<\/strong><\/p>\n<blockquote>\n<ul>\n<li>Iniciaci\u00f3n al lenguaje musical.<\/li>\n<li>Clases de instrumento individual y grupal.<\/li>\n<li>Iniciaci\u00f3n instrumental: piano, viol\u00edn, guitarra, bater\u00eda, violonchelo, flauta travesera, clarinete, trompeta, etc.<\/li>\n<li>Taller de creaci\u00f3n musical digital.<\/li>\n<li>Grupo de guitarra el\u00e9ctrica y cl\u00e1sica.<\/li>\n<li>Grupo de percusi\u00f3n.<\/li>\n<li>Grupo de teclados.<\/li>\n<li>Pr\u00e1ctica instrumental de conjunto (orquesta, banda, big band, etc.).<\/li>\n<\/ul>\n<\/blockquote>\n<\/div>\n<\/div>\n<\/div>\n<\/div>\n<\/div>\n<div style=\"width: 100%;\">\n<div style=\"width: 50%; text-align: center; float: left;\"><a href=\"https:\/\/musica.cve.edu.es\/escuelademusica\/wp-content\/uploads\/2019\/05\/musica2019.pdf\"><img decoding=\"async\" src=\"https:\/\/musica.cve.edu.es\/escuelademusica\/wp-content\/uploads\/2019\/05\/pdf.png\" \/><br \/>\nInformaci\u00f3n<br \/>\nCampamento<\/a><\/div>\n<div style=\"width: 50%; text-align: center; float: left;\"><a href=\"https:\/\/musica.cve.edu.es\/escuelademusica\/wp-content\/uploads\/2019\/05\/FICHA-INSCRIPCION-CAMPAMENTO-MUSICAL-2019.pdf\"><img decoding=\"async\" src=\"https:\/\/musica.cve.edu.es\/escuelademusica\/wp-content\/uploads\/2019\/05\/pdf.png\" \/><br \/>\nFicha<br \/>\nInscripci\u00f3n<\/a><\/div>\n<div style=\"clear: both;\"><\/div>\n<\/div>\n","protected":false},"excerpt":{"rendered":"<p>Experimenta la emoci\u00f3n de tocar en una agrupaci\u00f3n intrumental y desarrolla la creatividad musical EDADES: de 7 a 17 a\u00f1os. Fechas: del 1 al 5 de julio. Horario: de 9&#8230;<\/p>\n","protected":false},"author":5,"featured_media":1283,"comment_status":"closed","ping_status":"closed","sticky":false,"template":"","format":"standard","meta":[],"categories":[49,48],"tags":[],"_links":{"self":[{"href":"https:\/\/musica.cve.edu.es\/escuelademusica\/wp-json\/wp\/v2\/posts\/1282"}],"collection":[{"href":"https:\/\/musica.cve.edu.es\/escuelademusica\/wp-json\/wp\/v2\/posts"}],"about":[{"href":"https:\/\/musica.cve.edu.es\/escuelademusica\/wp-json\/wp\/v2\/types\/post"}],"author":[{"embeddable":true,"href":"https:\/\/musica.cve.edu.es\/escuelademusica\/wp-json\/wp\/v2\/users\/5"}],"replies":[{"embeddable":true,"href":"https:\/\/musica.cve.edu.es\/escuelademusica\/wp-json\/wp\/v2\/comments?post=1282"}],"version-history":[{"count":1,"href":"https:\/\/musica.cve.edu.es\/escuelademusica\/wp-json\/wp\/v2\/posts\/1282\/revisions"}],"predecessor-version":[{"id":1284,"href":"https:\/\/musica.cve.edu.es\/escuelademusica\/wp-json\/wp\/v2\/posts\/1282\/revisions\/1284"}],"wp:featuredmedia":[{"embeddable":true,"href":"https:\/\/musica.cve.edu.es\/escuelademusica\/wp-json\/wp\/v2\/media\/1283"}],"wp:attachment":[{"href":"https:\/\/musica.cve.edu.es\/escuelademusica\/wp-json\/wp\/v2\/media?parent=1282"}],"wp:term":[{"taxonomy":"category","embeddable":true,"href":"https:\/\/musica.cve.edu.es\/escuelademusica\/wp-json\/wp\/v2\/categories?post=1282"},{"taxonomy":"post_tag","embeddable":true,"href":"https:\/\/musica.cve.edu.es\/escuelademusica\/wp-json\/wp\/v2\/tags?post=1282"}],"curies":[{"name":"wp","href":"https:\/\/api.w.org\/{rel}","templated":true}]}}